{"id":7161,"date":"2022-02-04T09:22:28","date_gmt":"2022-02-04T09:22:28","guid":{"rendered":"https:\/\/filtra.com\/?p=7161"},"modified":"2023-10-16T07:33:47","modified_gmt":"2023-10-16T07:33:47","slug":"filtra-vibracion-s-l-in-exposolidos-2022","status":"publish","type":"post","link":"https:\/\/filtra.bcntic.com\/en\/filtra-vibracion-s-l-in-exposolidos-2022\/","title":{"rendered":"FILTRA VIBRACI\u00d3N S.L. IN EXPOSOLIDOS 2022"},"content":{"rendered":"<p><span style=\"font-size: 1rem;\">Filtra Vibraci\u00f3n returns as a big reference of the sector to <a href=\"https:\/\/exposolidos.com\/?lang=en\">Exposolidos<\/a> 2022 in Barcelona (L&#8217;Hospitalet), come to know all our news and <a href=\"https:\/\/filtra.bcntic.com\/en\/sieves\/\">sieves<\/a> and machines, we will be at Stand E213 from 10 to 12 May 2022. This year we have a great catalogue to show you, we are waiting for you at La Farga d L&#8217;Hospitalet.<\/span><\/p>\n","protected":false},"excerpt":{"rendered":"<p>Filtra Vibraci\u00f3n returns as a big reference of the sector to Exposolidos 2022 in Barcelona (L&#8217;Hospitalet), come to know all our news and sieves and machines, we will be at [&hellip;]<\/p>\n","protected":false},"author":1,"featured_media":6875,"comment_status":"open","ping_status":"open","sticky":false,"template":"","format":"standard","meta":{"_monsterinsights_skip_tracking":false,"_monsterinsights_sitenote_active":false,"_monsterinsights_sitenote_note":"","_monsterinsights_sitenote_category":0,"footnotes":""},"categories":[201,202],"tags":[],"yoast_head":"<!-- This site is optimized with the Yoast SEO plugin v21.6 - https:\/\/yoast.com\/wordpress\/plugins\/seo\/ -->\n<title>FILTRA VIBRACI\u00d3N S.L. IN EXPOSOLIDOS 2022 - Filtra Vibraci\u00f3n<\/title>\n<meta name=\"description\" content=\"Filtra Vibraci\u00f3n returns as a big reference of the sector to Exposolidos 2022 in Barcelona, come to know all our news and sieves and machines.\" \/>\n<meta name=\"robots\" content=\"index, follow, max-snippet:-1, max-image-preview:large, max-video-preview:-1\" \/>\n<link rel=\"canonical\" href=\"https:\/\/filtra.bcntic.com\/en\/filtra-vibracion-s-l-in-exposolidos-2022\/\" \/>\n<meta property=\"og:locale\" content=\"en_US\" \/>\n<meta property=\"og:type\" content=\"article\" \/>\n<meta property=\"og:title\" content=\"FILTRA VIBRACI\u00d3N S.L. IN EXPOSOLIDOS 2022 - Filtra Vibraci\u00f3n\" \/>\n<meta property=\"og:description\" content=\"Filtra Vibraci\u00f3n returns as a big reference of the sector to Exposolidos 2022 in Barcelona, come to know all our news and sieves and machines.\" \/>\n<meta property=\"og:url\" content=\"https:\/\/filtra.bcntic.com\/en\/filtra-vibracion-s-l-in-exposolidos-2022\/\" \/>\n<meta property=\"og:site_name\" content=\"Filtra Vibraci\u00f3n\" \/>\n<meta property=\"article:published_time\" content=\"2022-02-04T09:22:28+00:00\" \/>\n<meta property=\"article:modified_time\" content=\"2023-10-16T07:33:47+00:00\" \/>\n<meta property=\"og:image\" content=\"https:\/\/filtra.bcntic.com\/wp-content\/uploads\/2022\/01\/Exposolidos-10-12-may.jpg\" \/>\n\t<meta property=\"og:image:width\" content=\"600\" \/>\n\t<meta property=\"og:image:height\" content=\"250\" \/>\n\t<meta property=\"og:image:type\" content=\"image\/jpeg\" \/>\n<meta name=\"author\" content=\"Filtra Vibraci\u00f3n\" \/>\n<meta name=\"twitter:card\" content=\"summary_large_image\" \/>\n<meta name=\"twitter:label1\" content=\"Written by\" \/>\n\t<meta name=\"twitter:data1\" content=\"Filtra Vibraci\u00f3n\" \/>\n\t<meta name=\"twitter:label2\" content=\"Est. reading time\" \/>\n\t<meta name=\"twitter:data2\" content=\"1 minute\" \/>\n<script type=\"application\/ld+json\" class=\"yoast-schema-graph\">{\"@context\":\"https:\/\/schema.org\",\"@graph\":[{\"@type\":\"WebPage\",\"@id\":\"https:\/\/filtra.bcntic.com\/en\/filtra-vibracion-s-l-in-exposolidos-2022\/\",\"url\":\"https:\/\/filtra.bcntic.com\/en\/filtra-vibracion-s-l-in-exposolidos-2022\/\",\"name\":\"FILTRA VIBRACI\u00d3N S.L. IN EXPOSOLIDOS 2022 - Filtra Vibraci\u00f3n\",\"isPartOf\":{\"@id\":\"https:\/\/filtra.bcntic.com\/#website\"},\"datePublished\":\"2022-02-04T09:22:28+00:00\",\"dateModified\":\"2023-10-16T07:33:47+00:00\",\"author\":{\"@id\":\"https:\/\/filtra.bcntic.com\/#\/schema\/person\/d79355331f231336217690ce2828a71f\"},\"description\":\"Filtra Vibraci\u00f3n returns as a big reference of the sector to Exposolidos 2022 in Barcelona, come to know all our news and sieves and machines.\",\"breadcrumb\":{\"@id\":\"https:\/\/filtra.bcntic.com\/en\/filtra-vibracion-s-l-in-exposolidos-2022\/#breadcrumb\"},\"inLanguage\":\"en-US\",\"potentialAction\":[{\"@type\":\"ReadAction\",\"target\":[\"https:\/\/filtra.bcntic.com\/en\/filtra-vibracion-s-l-in-exposolidos-2022\/\"]}]},{\"@type\":\"BreadcrumbList\",\"@id\":\"https:\/\/filtra.bcntic.com\/en\/filtra-vibracion-s-l-in-exposolidos-2022\/#breadcrumb\",\"itemListElement\":[{\"@type\":\"ListItem\",\"position\":1,\"name\":\"Home\",\"item\":\"https:\/\/filtra.bcntic.com\/en\/home\/\"},{\"@type\":\"ListItem\",\"position\":2,\"name\":\"FILTRA VIBRACI\u00d3N S.L. IN EXPOSOLIDOS 2022\"}]},{\"@type\":\"WebSite\",\"@id\":\"https:\/\/filtra.bcntic.com\/#website\",\"url\":\"https:\/\/filtra.bcntic.com\/\",\"name\":\"Filtra Vibraci\u00f3n\",\"description\":\"Fabricantes de tamices, tamizadoras industriales y de laboratorio.\",\"potentialAction\":[{\"@type\":\"SearchAction\",\"target\":{\"@type\":\"EntryPoint\",\"urlTemplate\":\"https:\/\/filtra.bcntic.com\/?s={search_term_string}\"},\"query-input\":\"required name=search_term_string\"}],\"inLanguage\":\"en-US\"},{\"@type\":\"Person\",\"@id\":\"https:\/\/filtra.bcntic.com\/#\/schema\/person\/d79355331f231336217690ce2828a71f\",\"name\":\"Filtra Vibraci\u00f3n\",\"image\":{\"@type\":\"ImageObject\",\"inLanguage\":\"en-US\",\"@id\":\"https:\/\/filtra.bcntic.com\/#\/schema\/person\/image\/\",\"url\":\"https:\/\/secure.gravatar.com\/avatar\/ae926cb74d39c76c974539731d42d888?s=96&d=mm&r=g\",\"contentUrl\":\"https:\/\/secure.gravatar.com\/avatar\/ae926cb74d39c76c974539731d42d888?s=96&d=mm&r=g\",\"caption\":\"Filtra Vibraci\u00f3n\"},\"url\":\"https:\/\/filtra.bcntic.com\/en\/author\/susana\/\"}]}<\/script>\n<!-- \/ Yoast SEO plugin. -->","yoast_head_json":{"title":"FILTRA VIBRACI\u00d3N S.L. IN EXPOSOLIDOS 2022 - Filtra Vibraci\u00f3n","description":"Filtra Vibraci\u00f3n returns as a big reference of the sector to Exposolidos 2022 in Barcelona, come to know all our news and sieves and machines.","robots":{"index":"index","follow":"follow","max-snippet":"max-snippet:-1","max-image-preview":"max-image-preview:large","max-video-preview":"max-video-preview:-1"},"canonical":"https:\/\/filtra.bcntic.com\/en\/filtra-vibracion-s-l-in-exposolidos-2022\/","og_locale":"en_US","og_type":"article","og_title":"FILTRA VIBRACI\u00d3N S.L. IN EXPOSOLIDOS 2022 - Filtra Vibraci\u00f3n","og_description":"Filtra Vibraci\u00f3n returns as a big reference of the sector to Exposolidos 2022 in Barcelona, come to know all our news and sieves and machines.","og_url":"https:\/\/filtra.bcntic.com\/en\/filtra-vibracion-s-l-in-exposolidos-2022\/","og_site_name":"Filtra Vibraci\u00f3n","article_published_time":"2022-02-04T09:22:28+00:00","article_modified_time":"2023-10-16T07:33:47+00:00","og_image":[{"width":600,"height":250,"url":"https:\/\/filtra.bcntic.com\/wp-content\/uploads\/2022\/01\/Exposolidos-10-12-may.jpg","type":"image\/jpeg"}],"author":"Filtra Vibraci\u00f3n","twitter_card":"summary_large_image","twitter_misc":{"Written by":"Filtra Vibraci\u00f3n","Est. reading time":"1 minute"},"schema":{"@context":"https:\/\/schema.org","@graph":[{"@type":"WebPage","@id":"https:\/\/filtra.bcntic.com\/en\/filtra-vibracion-s-l-in-exposolidos-2022\/","url":"https:\/\/filtra.bcntic.com\/en\/filtra-vibracion-s-l-in-exposolidos-2022\/","name":"FILTRA VIBRACI\u00d3N S.L. IN EXPOSOLIDOS 2022 - Filtra Vibraci\u00f3n","isPartOf":{"@id":"https:\/\/filtra.bcntic.com\/#website"},"datePublished":"2022-02-04T09:22:28+00:00","dateModified":"2023-10-16T07:33:47+00:00","author":{"@id":"https:\/\/filtra.bcntic.com\/#\/schema\/person\/d79355331f231336217690ce2828a71f"},"description":"Filtra Vibraci\u00f3n returns as a big reference of the sector to Exposolidos 2022 in Barcelona, come to know all our news and sieves and machines.","breadcrumb":{"@id":"https:\/\/filtra.bcntic.com\/en\/filtra-vibracion-s-l-in-exposolidos-2022\/#breadcrumb"},"inLanguage":"en-US","potentialAction":[{"@type":"ReadAction","target":["https:\/\/filtra.bcntic.com\/en\/filtra-vibracion-s-l-in-exposolidos-2022\/"]}]},{"@type":"BreadcrumbList","@id":"https:\/\/filtra.bcntic.com\/en\/filtra-vibracion-s-l-in-exposolidos-2022\/#breadcrumb","itemListElement":[{"@type":"ListItem","position":1,"name":"Home","item":"https:\/\/filtra.bcntic.com\/en\/home\/"},{"@type":"ListItem","position":2,"name":"FILTRA VIBRACI\u00d3N S.L. IN EXPOSOLIDOS 2022"}]},{"@type":"WebSite","@id":"https:\/\/filtra.bcntic.com\/#website","url":"https:\/\/filtra.bcntic.com\/","name":"Filtra Vibraci\u00f3n","description":"Fabricantes de tamices, tamizadoras industriales y de laboratorio.","potentialAction":[{"@type":"SearchAction","target":{"@type":"EntryPoint","urlTemplate":"https:\/\/filtra.bcntic.com\/?s={search_term_string}"},"query-input":"required name=search_term_string"}],"inLanguage":"en-US"},{"@type":"Person","@id":"https:\/\/filtra.bcntic.com\/#\/schema\/person\/d79355331f231336217690ce2828a71f","name":"Filtra Vibraci\u00f3n","image":{"@type":"ImageObject","inLanguage":"en-US","@id":"https:\/\/filtra.bcntic.com\/#\/schema\/person\/image\/","url":"https:\/\/secure.gravatar.com\/avatar\/ae926cb74d39c76c974539731d42d888?s=96&d=mm&r=g","contentUrl":"https:\/\/secure.gravatar.com\/avatar\/ae926cb74d39c76c974539731d42d888?s=96&d=mm&r=g","caption":"Filtra Vibraci\u00f3n"},"url":"https:\/\/filtra.bcntic.com\/en\/author\/susana\/"}]}},"_links":{"self":[{"href":"https:\/\/filtra.bcntic.com\/en\/wp-json\/wp\/v2\/posts\/7161"}],"collection":[{"href":"https:\/\/filtra.bcntic.com\/en\/wp-json\/wp\/v2\/posts"}],"about":[{"href":"https:\/\/filtra.bcntic.com\/en\/wp-json\/wp\/v2\/types\/post"}],"author":[{"embeddable":true,"href":"https:\/\/filtra.bcntic.com\/en\/wp-json\/wp\/v2\/users\/1"}],"replies":[{"embeddable":true,"href":"https:\/\/filtra.bcntic.com\/en\/wp-json\/wp\/v2\/comments?post=7161"}],"version-history":[{"count":1,"href":"https:\/\/filtra.bcntic.com\/en\/wp-json\/wp\/v2\/posts\/7161\/revisions"}],"predecessor-version":[{"id":13525,"href":"https:\/\/filtra.bcntic.com\/en\/wp-json\/wp\/v2\/posts\/7161\/revisions\/13525"}],"wp:featuredmedia":[{"embeddable":true,"href":"https:\/\/filtra.bcntic.com\/en\/wp-json\/wp\/v2\/media\/6875"}],"wp:attachment":[{"href":"https:\/\/filtra.bcntic.com\/en\/wp-json\/wp\/v2\/media?parent=7161"}],"wp:term":[{"taxonomy":"category","embeddable":true,"href":"https:\/\/filtra.bcntic.com\/en\/wp-json\/wp\/v2\/categories?post=7161"},{"taxonomy":"post_tag","embeddable":true,"href":"https:\/\/filtra.bcntic.com\/en\/wp-json\/wp\/v2\/tags?post=7161"}],"curies":[{"name":"wp","href":"https:\/\/api.w.org\/{rel}","templated":true}]}}